{"id":560,"date":"2020-03-17T16:29:00","date_gmt":"2020-03-17T15:29:00","guid":{"rendered":"https:\/\/www.luzern-potsdam.ch\/?p=560"},"modified":"2022-11-23T08:58:25","modified_gmt":"2022-11-23T07:58:25","slug":"__trashed","status":"publish","type":"post","link":"https:\/\/www.luzern-potsdam.ch\/?p=560","title":{"rendered":"Nico van der Heiden ist neuer Pr\u00e4sident des Vereins St\u00e4dtepartnerschaft Luzern-Potsdam"},"content":{"rendered":"\n<figure class=\"wp-block-image size-full is-resized\"><img loading=\"lazy\" decoding=\"async\" src=\"https:\/\/www.luzern-potsdam.ch\/wp-content\/uploads\/2022\/01\/www.hslu_.jpg\" alt=\"\" class=\"wp-image-561\" width=\"159\" height=\"212\"\/><\/figure>\n\n\n\n<p>Das Pr\u00e4sidium war seit 2019 vakant, nachdem der&nbsp;Luzerner Kantonsschullehrer und Historiker J\u00fcrg Stadelmann nach zehn Jahren als Pr\u00e4sident des Vereins zur\u00fcckgetreten ist. Nico van der Heiden freut sich auf die Aufgabe, die f\u00fcr ihn eine Herzensangelegenheit sei.<br \/><br \/>\u201eDie St\u00e4dtepartnerschaft mit Potsdam gibt es seit bald 20 Jahren und sie ist f\u00fcr beide St\u00e4dte eine Bereicherung\u201c, schw\u00e4rmt Nico van der Heiden. In allen Bereichen, von Sport, \u00fcber Kultur bis zur Bildung k\u00f6nne voneinander gelernt werden. \u201eDiese Verbindung weiter gedeihen zu lassen ist mir wichtig und ich freue mich auf die kommende Zeit. Ganz besonders nat\u00fcrlich auf das Jubil\u00e4um in zwei Jahren.\u201c<\/p>\n\n\n\n<p>Nico van der Heiden arbeitet als Dozent am Kompetenzzentrum Public and Nonprofit Management der Hochschule Luzern und vertritt die SP im Grossen Stadtrat (Parlament) der Stadt Luzern. Er lebt mit seiner Familie am Rande der Luzerner Altstadt und ist&nbsp;regelm\u00e4ssiger und immer langsamerer Teilnehmer des Potsdamer wie auch des Luzerner Halbmarathons.<\/p>\n\n\n\n<p><\/p>\n\n\n\n<p><\/p>\n","protected":false},"excerpt":{"rendered":"<p>Das Pr\u00e4sidium war seit 2019 vakant, nachdem der&nbsp;Luzerner Kantonsschullehrer und Historiker J\u00fcrg Stadelmann nach zehn Jahren als Pr\u00e4sident des Vereins zur\u00fcckgetreten ist. Nico van der Heiden freut sich auf die Aufgabe, die f\u00fcr ihn eine Herzensangelegenheit sei. \u201eDie St\u00e4dtepartnerschaft mit Potsdam gibt es seit bald 20 Jahren und sie ist f\u00fcr beide St\u00e4dte eine Bereicherung\u201c, schw\u00e4rmt Nico van der Heiden.<\/p>\n<p><a class=\"more-link\" href=\"https:\/\/www.luzern-potsdam.ch\/?p=560\">Weiterlesen<\/a><\/p>\n","protected":false},"author":5,"featured_media":0,"comment_status":"closed","ping_status":"open","sticky":false,"template":"","format":"aside","meta":{"footnotes":""},"categories":[1],"tags":[],"class_list":["post-560","post","type-post","status-publish","format-aside","hentry","category-allgemein","post_format-post-format-aside"],"_links":{"self":[{"href":"https:\/\/www.luzern-potsdam.ch\/index.php?rest_route=\/wp\/v2\/posts\/560","targetHints":{"allow":["GET"]}}],"collection":[{"href":"https:\/\/www.luzern-potsdam.ch\/index.php?rest_route=\/wp\/v2\/posts"}],"about":[{"href":"https:\/\/www.luzern-potsdam.ch\/index.php?rest_route=\/wp\/v2\/types\/post"}],"author":[{"embeddable":true,"href":"https:\/\/www.luzern-potsdam.ch\/index.php?rest_route=\/wp\/v2\/users\/5"}],"replies":[{"embeddable":true,"href":"https:\/\/www.luzern-potsdam.ch\/index.php?rest_route=%2Fwp%2Fv2%2Fcomments&post=560"}],"version-history":[{"count":10,"href":"https:\/\/www.luzern-potsdam.ch\/index.php?rest_route=\/wp\/v2\/posts\/560\/revisions"}],"predecessor-version":[{"id":590,"href":"https:\/\/www.luzern-potsdam.ch\/index.php?rest_route=\/wp\/v2\/posts\/560\/revisions\/590"}],"wp:attachment":[{"href":"https:\/\/www.luzern-potsdam.ch\/index.php?rest_route=%2Fwp%2Fv2%2Fmedia&parent=560"}],"wp:term":[{"taxonomy":"category","embeddable":true,"href":"https:\/\/www.luzern-potsdam.ch\/index.php?rest_route=%2Fwp%2Fv2%2Fcategories&post=560"},{"taxonomy":"post_tag","embeddable":true,"href":"https:\/\/www.luzern-potsdam.ch\/index.php?rest_route=%2Fwp%2Fv2%2Ftags&post=560"}],"curies":[{"name":"wp","href":"https:\/\/api.w.org\/{rel}","templated":true}]}}