{"id":803,"date":"2022-12-13T09:31:17","date_gmt":"2022-12-13T08:31:17","guid":{"rendered":"https:\/\/www.luzern-potsdam.ch\/?p=803"},"modified":"2022-12-13T09:36:41","modified_gmt":"2022-12-13T08:36:41","slug":"8-jugendolympiade-in-potsdam","status":"publish","type":"post","link":"https:\/\/www.luzern-potsdam.ch\/?p=803","title":{"rendered":"8. Jugendolympiade in Potsdam"},"content":{"rendered":"\n<p>Nach einer l\u00e4ngeren Pause aus bekannten Gr\u00fcnden, machten sich 15 Jugendliche und vier Betreuer auf den Weg von Luzern nach Potsdam zur 8 Jugendolympiade. Am 30. September 2022 fr\u00fchmorgens besammelten wir uns am Bahnhof in Luzern. Es war eine Premiere, wir reisten mit dem Zug und nicht wie bisher mit dem Car. <\/p>\n\n\n\n<p>Dieses Jahr waren die Leichtathlet:innen des LC Luzern, die Sektion Luzern des SLRG und Karate Taisho dabei. P\u00fcnktlich, kurz vor sieben Uhr, setzte sich der Zug in Bewegung. Nach \u00fcber 10-st\u00fcndiger Fahrt wurden wir in Potsdam von Felix (Sportjugendkoordinator vom Stadtsportbund Potsdam) und Uwe (Schatzmeister von der St\u00e4dtepartnerschaft Potsdam-Luzern) empfangen und herzlich begr\u00fcsst. Nun wurden die Zimmer verteilt und bezogen. Bis zum Abendessen konnten die Teilnehmenden weiter ausspannen oder sich im Garten beim Basketball oder Tischtennis austoben.<\/p>\n\n\n\n<div class=\"wp-block-columns is-layout-flex wp-container-core-columns-is-layout-9d6595d7 wp-block-columns-is-layout-flex\">\n<div class=\"wp-block-column is-layout-flow wp-block-column-is-layout-flow\" style=\"flex-basis:66.66%\">\n<p>Nach dem Abendessen gab es dann zum Abschluss des ersten Tages einen Abendspaziergang unter fachkundiger Leitung von Stephan Zopfi. Der Spaziergang f\u00fchrte durch den riesigen Park von Sanssouci und endete dann beim gleichnamigen Schloss. Danach war Bettruhe angesagt, denn man musste fit sein f\u00fcr den kommenden Tag.<\/p>\n\n\n\n<p>Am Samstag nach dem Fr\u00fchst\u00fcck ging es mit dem Tram zum Sportpark Luftschiffhafen, wo wir dann auf unsere Potsdamer Pendants trafen. Die absolute Wunderwaffe, um das anf\u00e4ngliche Eis zu brechen war Drachenboot fahren auf der Havel. Ohne Zusammenarbeit ging nichts und wir f\u00fchlten uns schnell als grosses Team. <\/p>\n\n\n\n<p>Das Wetter meinte es allerdings nicht gut mit uns. Genau zu diesem Zeitpunkt begannen Nieselregen und z\u00fcgiger Wind, der uns den Regen ins Gesicht peitschte. Wir waren mit zwei Booten auf der Havel und beide machten die gleiche Runde. Beim einten Boot klappte das mit der Zusammenarbeit etwas besser und es kam verdient ein paar Minuten fr\u00fcher an.<\/p>\n<\/div>\n\n\n\n<div class=\"wp-block-column is-layout-flow wp-block-column-is-layout-flow\" style=\"flex-basis:33.33%\">\n<figure class=\"wp-block-image size-full\"><img loading=\"lazy\" decoding=\"async\" width=\"339\" height=\"449\" src=\"https:\/\/www.luzern-potsdam.ch\/wp-content\/uploads\/2022\/12\/Palast.jpg\" alt=\"\" class=\"wp-image-804\" srcset=\"https:\/\/www.luzern-potsdam.ch\/wp-content\/uploads\/2022\/12\/Palast.jpg 339w, https:\/\/www.luzern-potsdam.ch\/wp-content\/uploads\/2022\/12\/Palast-227x300.jpg 227w, https:\/\/www.luzern-potsdam.ch\/wp-content\/uploads\/2022\/12\/Palast-151x200.jpg 151w\" sizes=\"auto, (max-width: 339px) 100vw, 339px\" \/><\/figure>\n<\/div>\n<\/div>\n\n\n\n<p>Nat\u00fcrlich gab das Hunger und so ging es in die Mensa der Sportsschule des SC Potsdam um den Hunger zu stillen. Frisch gest\u00e4rkt wurden gemischte 5er-Teams gebildet, welche eine Stadtrally absolvierten. Hier wurden die Teams via Smartphone zu Posten (Sehensw\u00fcrdigkeiten von Potsdam) gelotst. Angekommen mussten sie Aufgaben erledigen (Lied singen, Selfie machen\u2026) und diese Beweise speichern. Wir Trainer waren bei Kaffee und Kuchen und verfolgten wo die Teams waren und schauten die Selfies an oder h\u00f6rten die Lieder der Teams. Einige waren sehr kreativ und die gemischten Teams hatten Spass und lernten sich kennen. Alle kamen heil und gesund an, so konnten wir ein Gruppenbild beim Stadtschloss machen. <\/p>\n\n\n\n<div class=\"wp-block-columns is-layout-flex wp-container-core-columns-is-layout-9d6595d7 wp-block-columns-is-layout-flex\">\n<div class=\"wp-block-column is-layout-flow wp-block-column-is-layout-flow\">\n<figure class=\"wp-block-image size-full\"><img loading=\"lazy\" decoding=\"async\" width=\"495\" height=\"656\" src=\"https:\/\/www.luzern-potsdam.ch\/wp-content\/uploads\/2022\/12\/im-Boote-von-vorne.jpg\" alt=\"\" class=\"wp-image-809\" srcset=\"https:\/\/www.luzern-potsdam.ch\/wp-content\/uploads\/2022\/12\/im-Boote-von-vorne.jpg 495w, https:\/\/www.luzern-potsdam.ch\/wp-content\/uploads\/2022\/12\/im-Boote-von-vorne-226x300.jpg 226w, https:\/\/www.luzern-potsdam.ch\/wp-content\/uploads\/2022\/12\/im-Boote-von-vorne-151x200.jpg 151w\" sizes=\"auto, (max-width: 495px) 100vw, 495px\" \/><\/figure>\n<\/div>\n\n\n\n<div class=\"wp-block-column is-layout-flow wp-block-column-is-layout-flow\">\n<figure class=\"wp-block-image size-full\"><img loading=\"lazy\" decoding=\"async\" width=\"495\" height=\"372\" src=\"https:\/\/www.luzern-potsdam.ch\/wp-content\/uploads\/2022\/12\/im-boot-von-schraeg.jpg\" alt=\"\" class=\"wp-image-808\" srcset=\"https:\/\/www.luzern-potsdam.ch\/wp-content\/uploads\/2022\/12\/im-boot-von-schraeg.jpg 495w, https:\/\/www.luzern-potsdam.ch\/wp-content\/uploads\/2022\/12\/im-boot-von-schraeg-300x225.jpg 300w, https:\/\/www.luzern-potsdam.ch\/wp-content\/uploads\/2022\/12\/im-boot-von-schraeg-266x200.jpg 266w, https:\/\/www.luzern-potsdam.ch\/wp-content\/uploads\/2022\/12\/im-boot-von-schraeg-400x300.jpg 400w\" sizes=\"auto, (max-width: 495px) 100vw, 495px\" \/><\/figure>\n<\/div>\n\n\n\n<div class=\"wp-block-column is-layout-flow wp-block-column-is-layout-flow\">\n<figure class=\"wp-block-image size-full\"><img loading=\"lazy\" decoding=\"async\" width=\"488\" height=\"647\" src=\"https:\/\/www.luzern-potsdam.ch\/wp-content\/uploads\/2022\/12\/im-boot-von-schraeg-tatsaechlich.jpg\" alt=\"\" class=\"wp-image-807\" srcset=\"https:\/\/www.luzern-potsdam.ch\/wp-content\/uploads\/2022\/12\/im-boot-von-schraeg-tatsaechlich.jpg 488w, https:\/\/www.luzern-potsdam.ch\/wp-content\/uploads\/2022\/12\/im-boot-von-schraeg-tatsaechlich-226x300.jpg 226w, https:\/\/www.luzern-potsdam.ch\/wp-content\/uploads\/2022\/12\/im-boot-von-schraeg-tatsaechlich-151x200.jpg 151w\" sizes=\"auto, (max-width: 488px) 100vw, 488px\" \/><\/figure>\n<\/div>\n<\/div>\n\n\n\n<p>Anschliessend ging es zur\u00fcck zur Jugendherberge und da hiess es sich frisch und eine kurze Pause zu machen. Anschliessen gingen wir ins Bowling Center in Potsdam. Dort waren mehrere Bahnen f\u00fcr uns reserviert und es wartete ein riesiges und sehr leckeres Buffet. Die Delegation der B\u00fcrgerreise unseres St\u00e4dtepartnerschaftsvereins, welche Zeitgleich stattfand, verbrachte den Abend mit uns in der Bowlingarena. Ausgepowert und voller Eindr\u00fccke machten wir uns auf den R\u00fcckweg zur Jugendherberge, wo dann wieder schnell Ruhe einkehrte.<\/p>\n\n\n\n<div class=\"wp-block-columns is-layout-flex wp-container-core-columns-is-layout-9d6595d7 wp-block-columns-is-layout-flex\">\n<div class=\"wp-block-column is-layout-flow wp-block-column-is-layout-flow\" style=\"flex-basis:33.33%\">\n<figure class=\"wp-block-image size-full\"><img loading=\"lazy\" decoding=\"async\" width=\"482\" height=\"363\" src=\"https:\/\/www.luzern-potsdam.ch\/wp-content\/uploads\/2022\/12\/in-raum.jpg\" alt=\"\" class=\"wp-image-810\" srcset=\"https:\/\/www.luzern-potsdam.ch\/wp-content\/uploads\/2022\/12\/in-raum.jpg 482w, https:\/\/www.luzern-potsdam.ch\/wp-content\/uploads\/2022\/12\/in-raum-300x226.jpg 300w, https:\/\/www.luzern-potsdam.ch\/wp-content\/uploads\/2022\/12\/in-raum-266x200.jpg 266w, https:\/\/www.luzern-potsdam.ch\/wp-content\/uploads\/2022\/12\/in-raum-400x300.jpg 400w\" sizes=\"auto, (max-width: 482px) 100vw, 482px\" \/><\/figure>\n<\/div>\n\n\n\n<div class=\"wp-block-column is-layout-flow wp-block-column-is-layout-flow\" style=\"flex-basis:66.66%\">\n<p>Ausgeschlafen und erholt ging es dann am Sonntag weiter. Es ging erneut zum Luftschiffhafen in die Leichtathletikhalle. In bunt gemischten Gruppen wurden die verschiedenen Sportarten gezeigt und es wurde aktiv mitgemacht. Wenn man die Teilnehmenden fragt, war das Highlight bestimmt das Schnellboot fahren bei der DLRG. <\/p>\n\n\n\n<p>Es gab aber auch eine Einf\u00fchrung in Karate, koordinative F\u00e4higkeiten wurden in der Leichtathletik gefordert, beim Streetdance war Rhythmus gefragt und beim zweiten Posten der DLRG wurden die Grundlagen der Wasserrettung ge\u00fcbt. Der jeweils letzte Posten musste warten, denn ohne Mampf kein Kampf. Das Mittagessen gab es wieder in der Mensa der Sportschule des SC Potsdam.<\/p>\n<\/div>\n<\/div>\n\n\n\n<p>Der Nachmittag war bewusst kurz gehalten so dass man rechtzeitig wieder in der Herberge war. Denn an den Olympischen Abend kann man nicht einfach so gehen. Nun war Manik\u00fcre und Pedik\u00fcre angesagt und man konnte sich richtig \u00abaufbrezeln\u00bb. Gut riechend und chic angezogen ging es wieder mit dem Tram in den Luftschiffhafen zum Saal der Mensa der Sportschule des SC Potsdam und nach der Begr\u00fcssung wurde direkt das Buffet gepl\u00fcndert. Der Koch \u00fcbertraf alle Erwartungen und wir wurden wie K\u00f6niginnen und K\u00f6nige bewirtet.<\/p>\n\n\n\n<div class=\"wp-block-columns is-layout-flex wp-container-core-columns-is-layout-9d6595d7 wp-block-columns-is-layout-flex\">\n<div class=\"wp-block-column is-layout-flow wp-block-column-is-layout-flow\" style=\"flex-basis:66.66%\">\n<p>Im Anschluss demonstrierten uns die Potsdamer Karate-Athlet:innen ihr k\u00f6nnen und zum kr\u00f6nenden Abschluss mussten alle Teilnehmenden auf die B\u00fchne und den Tanz zum Besten geben, der am morgen und Nachmittag in der Halle einstudiert wurde. Nur wusste da niemand, dass man diesen Tanz am Abend auff\u00fchren wird. Es klappte aber erstaunlich gut, es sah hervorragend aus und es machte den Zuschauenden sowie den Tanzenden sichtlich Spass.<\/p>\n\n\n\n<p>ach dem Tanz fand dann die Bescherung statt. Man hatte sich gegenseitig Geschenke besorgt und die wurden jetzt in einem w\u00fcrdigen Rahmen \u00fcbergeben. Zur sp\u00e4ter Stunde ging es dann wieder zur Jugendherberge wo alle ziemlich schnell in den Schlaf fielen. <\/p>\n<\/div>\n\n\n\n<div class=\"wp-block-column is-layout-flow wp-block-column-is-layout-flow\" style=\"flex-basis:33.33%\">\n<figure class=\"wp-block-image size-full\"><img loading=\"lazy\" decoding=\"async\" width=\"454\" height=\"255\" src=\"https:\/\/www.luzern-potsdam.ch\/wp-content\/uploads\/2022\/12\/beim-tanz-edited.jpg\" alt=\"\" class=\"wp-image-811\" srcset=\"https:\/\/www.luzern-potsdam.ch\/wp-content\/uploads\/2022\/12\/beim-tanz-edited.jpg 454w, https:\/\/www.luzern-potsdam.ch\/wp-content\/uploads\/2022\/12\/beim-tanz-edited-300x169.jpg 300w, https:\/\/www.luzern-potsdam.ch\/wp-content\/uploads\/2022\/12\/beim-tanz-edited-356x200.jpg 356w\" sizes=\"auto, (max-width: 454px) 100vw, 454px\" \/><\/figure>\n<\/div>\n<\/div>\n\n\n\n<div class=\"wp-block-columns is-layout-flex wp-container-core-columns-is-layout-9d6595d7 wp-block-columns-is-layout-flex\">\n<div class=\"wp-block-column is-layout-flow wp-block-column-is-layout-flow\" style=\"flex-basis:33.33%\">\n<figure class=\"wp-block-image size-full\"><img loading=\"lazy\" decoding=\"async\" width=\"348\" height=\"464\" src=\"https:\/\/www.luzern-potsdam.ch\/wp-content\/uploads\/2022\/12\/am-Flughafen.jpg\" alt=\"\" class=\"wp-image-805\" srcset=\"https:\/\/www.luzern-potsdam.ch\/wp-content\/uploads\/2022\/12\/am-Flughafen.jpg 348w, https:\/\/www.luzern-potsdam.ch\/wp-content\/uploads\/2022\/12\/am-Flughafen-225x300.jpg 225w, https:\/\/www.luzern-potsdam.ch\/wp-content\/uploads\/2022\/12\/am-Flughafen-150x200.jpg 150w\" sizes=\"auto, (max-width: 348px) 100vw, 348px\" \/><\/figure>\n<\/div>\n\n\n\n<div class=\"wp-block-column is-layout-flow wp-block-column-is-layout-flow\" style=\"flex-basis:66.66%\">\n<p>Um 08.00 Uhr war Fr\u00fchst\u00fcck angesagt, mit anschliessendem Zimmer aufr\u00e4umen und abgeben. Dies klappte alles ohne Probleme und wir konnten uns p\u00fcnktlich auf den Weg von Potsdam nach Berlin machen. Am Hauptbahnhof Berlin angekommen, war noch Zeit um was einzukaufen f\u00fcr die lange Reise. <\/p>\n\n\n\n<p>Es war offenbar eine anstrengende Jugendolympiade, denn gr\u00f6sstenteils wurde wieder geschlafen oder Spiele gespielt. Zur grossen \u00dcberraschung hatte der ICE \u00abnur\u00bb zehn Minuten Versp\u00e4tung und so blieben uns in Basel f\u00fcnf Minuten zum umsteigen, was wir mit Bravour meisterten und wie geplant in Luzern ankamen. <\/p>\n\n\n\n<p>Nun ist die 8. Jugendolympiade auch schon wieder Geschichte und wir freuen uns schon auf die 9. Jugendolympiade im Jahr 2024 dann in Luzern.<\/p>\n\n\n\n<p>Die Jugendolympiade war ein voller Erfolg. Es wurden Kontakte gekn\u00fcpft und Freundschaften gepflegt und aufgebaut. Voraussichtlich wird es kommendes Jahr ein Treffen zwischen DLRG Potsdam und SLRG Sektion Luzern geben. Die Jugendolympiade scheint erste Fr\u00fcchte zu tragen.<\/p>\n\n\n\n<p>So ein Event ist nur durchf\u00fchrbar mit einem grossen Team im R\u00fccken und vielen fleissigen Helfern. Ich m\u00f6chte allen Betreuern, Vereinen und der Stadt Luzern Danken, f\u00fcr diesen grossartigen Support und die tatkr\u00e4ftige Hilfe danken. Ohne Euch w\u00e4re das alles nicht m\u00f6glich gewesen. So ein Event kostet auch immer. Hier ein grosses Dankesch\u00f6n an die Stiftung Breitensport Luzern, welche uns finanziell tatkr\u00e4ftig unterst\u00fctze. <\/p>\n<\/div>\n<\/div>\n\n\n\n<p>Zu guter Letzt ein ganz grosses und herzliches Dankesch\u00f6n an den Stadtsportbund Potsdam, die St\u00e4dtepartnerschaft Potsdam-Luzern und den Potsdamer Vereinen. Ohne euch, w\u00e4re diese tolle Erfahrung nicht m\u00f6glich gewesen.<\/p>\n\n\n\n<figure class=\"wp-block-gallery has-nested-images columns-default is-cropped wp-block-gallery-1 is-layout-flex wp-block-gallery-is-layout-flex\"><\/figure>\n","protected":false},"excerpt":{"rendered":"<p>Nach einer l\u00e4ngeren Pause aus bekannten Gr\u00fcnden, machten sich 15 Jugendliche und vier Betreuer auf den Weg von Luzern nach Potsdam zur 8 Jugendolympiade. Am 30. September 2022 fr\u00fchmorgens besammelten wir uns am Bahnhof in Luzern. Es war eine Premiere, wir reisten mit dem Zug und nicht wie bisher mit dem Car. Dieses Jahr waren die Leichtathlet:innen des LC Luzern,<\/p>\n<p><a class=\"more-link\" href=\"https:\/\/www.luzern-potsdam.ch\/?p=803\">Weiterlesen<\/a><\/p>\n","protected":false},"author":5,"featured_media":0,"comment_status":"closed","ping_status":"open","sticky":false,"template":"","format":"standard","meta":{"footnotes":""},"categories":[13],"tags":[34,27,26,33,30,28,31,29,35,32,36,37],"class_list":["post-803","post","type-post","status-publish","format-standard","hentry","category-sport","tag-dlrg","tag-jugend","tag-jugendolympiade","tag-karate","tag-luzern","tag-luzern-potsdam","tag-potsdam","tag-potsdam-luzern","tag-slrg","tag-sport","tag-staedtepartnerschaft","tag-verein-staedtepartnerschaft"],"_links":{"self":[{"href":"https:\/\/www.luzern-potsdam.ch\/index.php?rest_route=\/wp\/v2\/posts\/803","targetHints":{"allow":["GET"]}}],"collection":[{"href":"https:\/\/www.luzern-potsdam.ch\/index.php?rest_route=\/wp\/v2\/posts"}],"about":[{"href":"https:\/\/www.luzern-potsdam.ch\/index.php?rest_route=\/wp\/v2\/types\/post"}],"author":[{"embeddable":true,"href":"https:\/\/www.luzern-potsdam.ch\/index.php?rest_route=\/wp\/v2\/users\/5"}],"replies":[{"embeddable":true,"href":"https:\/\/www.luzern-potsdam.ch\/index.php?rest_route=%2Fwp%2Fv2%2Fcomments&post=803"}],"version-history":[{"count":4,"href":"https:\/\/www.luzern-potsdam.ch\/index.php?rest_route=\/wp\/v2\/posts\/803\/revisions"}],"predecessor-version":[{"id":815,"href":"https:\/\/www.luzern-potsdam.ch\/index.php?rest_route=\/wp\/v2\/posts\/803\/revisions\/815"}],"wp:attachment":[{"href":"https:\/\/www.luzern-potsdam.ch\/index.php?rest_route=%2Fwp%2Fv2%2Fmedia&parent=803"}],"wp:term":[{"taxonomy":"category","embeddable":true,"href":"https:\/\/www.luzern-potsdam.ch\/index.php?rest_route=%2Fwp%2Fv2%2Fcategories&post=803"},{"taxonomy":"post_tag","embeddable":true,"href":"https:\/\/www.luzern-potsdam.ch\/index.php?rest_route=%2Fwp%2Fv2%2Ftags&post=803"}],"curies":[{"name":"wp","href":"https:\/\/api.w.org\/{rel}","templated":true}]}}