{"id":884,"date":"2023-09-06T20:26:48","date_gmt":"2023-09-06T19:26:48","guid":{"rendered":"https:\/\/www.luzern-potsdam.ch\/?p=884"},"modified":"2023-09-06T20:26:48","modified_gmt":"2023-09-06T19:26:48","slug":"schloesserlauf-potsdam-2023","status":"publish","type":"post","link":"https:\/\/www.luzern-potsdam.ch\/?p=884","title":{"rendered":"Schl\u00f6sserlauf Potsdam 2023"},"content":{"rendered":"\n<p>Auch dieses Jahr konnte eine kleine aber feine Gruppe aus Luzern am 18. Schl\u00f6sserlauf in Potsdam teilnehmen. Die Hinfahrt mit dem Nachtzug verlief ohne gr\u00f6ssere Probleme und wir erreichten p\u00fcnktlich den Berliner Hauptbahnhof. Den Samstag verbrachten wir mit Bummeln und Shoppen in der Potsdamer Altstadt. Gest\u00e4rkt kehrten wir in unser altbekanntes asiatisches Restaurant ein. <\/p>\n\n\n\n<p>Die Halbmarathonl\u00e4ufer erf\u00fcllten dann am Sonntag ihre eigenen Erwartungen, hatten aber mit der Spitze des Klassements nichts zu tun. Anders sah es bei den 10-Kilometer-L\u00e4uferinnen aus. Fee sprintete, f\u00fcr sie v\u00f6llig unerwartet (wir hatten damit gerechnet, aber keinen Druck gemacht), aufs Podest und belegte in ihrer Altersklasse den hervorragenden zweiten Platz. <\/p>\n\n\n\n<p>Nach dem Rennen ging es traditionell zum Griechen, um die Kohlenhydratspeicher wieder aufzuf\u00fcllen. Das war gut so, denn auf der Heimfahrt ging alles schief, was schief gehen konnte. Stephan, Alex und Ueli mussten w\u00e4hrend der Fahrt keinen Hunger leiden, sie g\u00f6nnten sich am Mittag vor der Abfahrt noch eine Currywurst im Berliner HB. Die Reise dauerte dann doppelt so lange wie geplant. Wir hatten 12 Stunden Versp\u00e4tung. In diesen 12 zus\u00e4tzlichen Stunden durften wir einiges erleben. Unter anderem eine \u00dcbernachtung im ICE in Frankfurt.<\/p>\n\n\n\n<p>Ein gro\u00dfes Dankesch\u00f6n geht an den Stadtsportbund Potsdam, der uns auch in diesem Jahr wieder bestens untergebracht hat und uns ein tolles Erlebnis beschert hat. Danke auch an Stephan Zopfi, der auch dieses Jahr wieder alles organisiert hat und das ganze Wochenende die F\u00e4den in der Hand hielt.<\/p>\n\n\n\n<figure class=\"wp-block-gallery has-nested-images columns-default is-cropped wp-block-gallery-1 is-layout-flex wp-block-gallery-is-layout-flex\">\n<figure class=\"wp-block-image size-large\"><img loading=\"lazy\" decoding=\"async\" width=\"768\" height=\"1024\" data-id=\"890\" src=\"https:\/\/www.luzern-potsdam.ch\/wp-content\/uploads\/2023\/09\/Potsdam-Schloesserlauf-1-2023-1-768x1024.jpg\" alt=\"\" class=\"wp-image-890\" srcset=\"https:\/\/www.luzern-potsdam.ch\/wp-content\/uploads\/2023\/09\/Potsdam-Schloesserlauf-1-2023-1-768x1024.jpg 768w, https:\/\/www.luzern-potsdam.ch\/wp-content\/uploads\/2023\/09\/Potsdam-Schloesserlauf-1-2023-1-225x300.jpg 225w, https:\/\/www.luzern-potsdam.ch\/wp-content\/uploads\/2023\/09\/Potsdam-Schloesserlauf-1-2023-1-150x200.jpg 150w, https:\/\/www.luzern-potsdam.ch\/wp-content\/uploads\/2023\/09\/Potsdam-Schloesserlauf-1-2023-1-1152x1536.jpg 1152w, https:\/\/www.luzern-potsdam.ch\/wp-content\/uploads\/2023\/09\/Potsdam-Schloesserlauf-1-2023-1-800x1067.jpg 800w, https:\/\/www.luzern-potsdam.ch\/wp-content\/uploads\/2023\/09\/Potsdam-Schloesserlauf-1-2023-1.jpg 1536w\" sizes=\"auto, (max-width: 768px) 100vw, 768px\" \/><\/figure>\n\n\n\n<figure class=\"wp-block-image size-large\"><img loading=\"lazy\" decoding=\"async\" width=\"1024\" height=\"768\" data-id=\"888\" src=\"https:\/\/www.luzern-potsdam.ch\/wp-content\/uploads\/2023\/09\/Potsdam-Schloesserlauf-3-2023-1-1024x768.jpg\" alt=\"\" class=\"wp-image-888\" srcset=\"https:\/\/www.luzern-potsdam.ch\/wp-content\/uploads\/2023\/09\/Potsdam-Schloesserlauf-3-2023-1-1024x768.jpg 1024w, https:\/\/www.luzern-potsdam.ch\/wp-content\/uploads\/2023\/09\/Potsdam-Schloesserlauf-3-2023-1-300x225.jpg 300w, https:\/\/www.luzern-potsdam.ch\/wp-content\/uploads\/2023\/09\/Potsdam-Schloesserlauf-3-2023-1-267x200.jpg 267w, https:\/\/www.luzern-potsdam.ch\/wp-content\/uploads\/2023\/09\/Potsdam-Schloesserlauf-3-2023-1-768x576.jpg 768w, https:\/\/www.luzern-potsdam.ch\/wp-content\/uploads\/2023\/09\/Potsdam-Schloesserlauf-3-2023-1-1536x1152.jpg 1536w, https:\/\/www.luzern-potsdam.ch\/wp-content\/uploads\/2023\/09\/Potsdam-Schloesserlauf-3-2023-1-800x600.jpg 800w, https:\/\/www.luzern-potsdam.ch\/wp-content\/uploads\/2023\/09\/Potsdam-Schloesserlauf-3-2023-1-400x300.jpg 400w, https:\/\/www.luzern-potsdam.ch\/wp-content\/uploads\/2023\/09\/Potsdam-Schloesserlauf-3-2023-1.jpg 1984w\" sizes=\"auto, (max-width: 1024px) 100vw, 1024px\" \/><\/figure>\n<\/figure>\n\n\n\n<figure class=\"wp-block-image size-large\"><img loading=\"lazy\" decoding=\"async\" width=\"1024\" height=\"768\" src=\"https:\/\/www.luzern-potsdam.ch\/wp-content\/uploads\/2023\/09\/Potsdam-Schloesserlauf-2-2023-2-1024x768.jpg\" alt=\"\" class=\"wp-image-891\" srcset=\"https:\/\/www.luzern-potsdam.ch\/wp-content\/uploads\/2023\/09\/Potsdam-Schloesserlauf-2-2023-2-1024x768.jpg 1024w, https:\/\/www.luzern-potsdam.ch\/wp-content\/uploads\/2023\/09\/Potsdam-Schloesserlauf-2-2023-2-300x225.jpg 300w, https:\/\/www.luzern-potsdam.ch\/wp-content\/uploads\/2023\/09\/Potsdam-Schloesserlauf-2-2023-2-267x200.jpg 267w, https:\/\/www.luzern-potsdam.ch\/wp-content\/uploads\/2023\/09\/Potsdam-Schloesserlauf-2-2023-2-768x576.jpg 768w, https:\/\/www.luzern-potsdam.ch\/wp-content\/uploads\/2023\/09\/Potsdam-Schloesserlauf-2-2023-2-1536x1152.jpg 1536w, https:\/\/www.luzern-potsdam.ch\/wp-content\/uploads\/2023\/09\/Potsdam-Schloesserlauf-2-2023-2-800x600.jpg 800w, https:\/\/www.luzern-potsdam.ch\/wp-content\/uploads\/2023\/09\/Potsdam-Schloesserlauf-2-2023-2-400x300.jpg 400w, https:\/\/www.luzern-potsdam.ch\/wp-content\/uploads\/2023\/09\/Potsdam-Schloesserlauf-2-2023-2.jpg 1984w\" sizes=\"auto, (max-width: 1024px) 100vw, 1024px\" \/><\/figure>\n","protected":false},"excerpt":{"rendered":"<p>Auch dieses Jahr konnte eine kleine aber feine Gruppe aus Luzern am 18. Schl\u00f6sserlauf in Potsdam teilnehmen. Die Hinfahrt mit dem Nachtzug verlief ohne gr\u00f6ssere Probleme und wir erreichten p\u00fcnktlich den Berliner Hauptbahnhof. Den Samstag verbrachten wir mit Bummeln und Shoppen in der Potsdamer Altstadt. Gest\u00e4rkt kehrten wir in unser altbekanntes asiatisches Restaurant ein. Die Halbmarathonl\u00e4ufer erf\u00fcllten dann am Sonntag<\/p>\n<p><a class=\"more-link\" href=\"https:\/\/www.luzern-potsdam.ch\/?p=884\">Weiterlesen<\/a><\/p>\n","protected":false},"author":5,"featured_media":0,"comment_status":"closed","ping_status":"open","sticky":false,"template":"","format":"standard","meta":{"footnotes":""},"categories":[13],"tags":[],"class_list":["post-884","post","type-post","status-publish","format-standard","hentry","category-sport"],"_links":{"self":[{"href":"https:\/\/www.luzern-potsdam.ch\/index.php?rest_route=\/wp\/v2\/posts\/884","targetHints":{"allow":["GET"]}}],"collection":[{"href":"https:\/\/www.luzern-potsdam.ch\/index.php?rest_route=\/wp\/v2\/posts"}],"about":[{"href":"https:\/\/www.luzern-potsdam.ch\/index.php?rest_route=\/wp\/v2\/types\/post"}],"author":[{"embeddable":true,"href":"https:\/\/www.luzern-potsdam.ch\/index.php?rest_route=\/wp\/v2\/users\/5"}],"replies":[{"embeddable":true,"href":"https:\/\/www.luzern-potsdam.ch\/index.php?rest_route=%2Fwp%2Fv2%2Fcomments&post=884"}],"version-history":[{"count":1,"href":"https:\/\/www.luzern-potsdam.ch\/index.php?rest_route=\/wp\/v2\/posts\/884\/revisions"}],"predecessor-version":[{"id":892,"href":"https:\/\/www.luzern-potsdam.ch\/index.php?rest_route=\/wp\/v2\/posts\/884\/revisions\/892"}],"wp:attachment":[{"href":"https:\/\/www.luzern-potsdam.ch\/index.php?rest_route=%2Fwp%2Fv2%2Fmedia&parent=884"}],"wp:term":[{"taxonomy":"category","embeddable":true,"href":"https:\/\/www.luzern-potsdam.ch\/index.php?rest_route=%2Fwp%2Fv2%2Fcategories&post=884"},{"taxonomy":"post_tag","embeddable":true,"href":"https:\/\/www.luzern-potsdam.ch\/index.php?rest_route=%2Fwp%2Fv2%2Ftags&post=884"}],"curies":[{"name":"wp","href":"https:\/\/api.w.org\/{rel}","templated":true}]}}